{"id":538,"date":"2026-07-17T16:20:01","date_gmt":"2026-07-17T14:20:01","guid":{"rendered":"https:\/\/festival3cities.com\/?p=538"},"modified":"2026-07-17T17:42:02","modified_gmt":"2026-07-17T15:42:02","slug":"the-franz-liszt-festival-enters-bratislavas-cultural-scene-through-a-partnership-with-the-bratislava-coronation-days","status":"publish","type":"post","link":"https:\/\/festival3cities.com\/en\/the-franz-liszt-festival-enters-bratislavas-cultural-scene-through-a-partnership-with-the-bratislava-coronation-days\/","title":{"rendered":"The Franz Liszt Festival Enters Bratislava&#8217;s Cultural Scene Through a Partnership with the Bratislava Coronation Days"},"content":{"rendered":"<article class=\"festival-article\">\r\n\r\n  <header>\r\n    <h1>The Franz Liszt Festival Enters Bratislava&#8217;s Cultural Scene Through a Partnership with the Bratislava Coronation Days<\/h1>\r\n\r\n    <p class=\"intro\">\r\n      The newly established Franz Liszt Festival \u2013 festival3cities has become an artistic partner of one of the flagship events of the Bratislava Coronation Days.\r\n    <\/p>\r\n  <\/header>\r\n\r\n  <p>\r\n    The organisers of the Franz Liszt Festival \u2013 festival3cities have prepared the musical dramaturgy for the Coronation Concert, which will take place at St. Martin&#8217;s Cathedral on Saturday, 25 July 2026.\r\n  <\/p>\r\n\r\n  <section>\r\n    <h2>Artistic Preparation of the Concert<\/h2>\r\n\r\n    <p>\r\n      The festival has been responsible for the concert&#8217;s complete artistic preparation \u2013 from developing its musical concept and designing the programme, to selecting the performers, coordinating rehearsals, and providing artistic supervision throughout the production.\r\n    <\/p>\r\n\r\n    <p>\r\n      The result will be a concert that thoughtfully connects Bratislava&#8217;s coronation heritage with masterpieces of European sacred music.\r\n    <\/p>\r\n\r\n    <p>\r\n      A special place in the programme is devoted to Franz Liszt and his <em>Hungarian Coronation Mass<\/em>, a work that naturally reflects both the historical significance of St. Martin&#8217;s Cathedral and the composer&#8217;s deep ties to Bratislava.\r\n    <\/p>\r\n\r\n    <p>\r\n      The programme is further enriched by works by Wolfgang Amadeus Mozart, Johann Sebastian Bach, Antonio Vivaldi, Felix Mendelssohn Bartholdy, Louis Vierne, and Mikul\u00e1\u0161 Schneider-Trnavsk\u00fd.\r\n    <\/p>\r\n  <\/section>\r\n\r\n  <section>\r\n    <h2>A European Festival in Bratislava Dedicated to a Musical Genius<\/h2>\r\n\r\n    <p>\r\n      The life and legacy of Franz Liszt \u2013 his extraordinary music, as well as his family and cultural ties to Bratislava \u2013 form the central theme of the Franz Liszt Festival \u2013 festival3cities, which will take place in October 2026.\r\n    <\/p>\r\n\r\n    <p>\r\n      The partnership with the organisers of the Bratislava Coronation Days marks an important milestone for the Franz Liszt Festival \u2013 festival3cities.\r\n    <\/p>\r\n\r\n    <p>\r\n      It confirms that, even before its inaugural edition, the festival is already building meaningful collaborations with respected cultural institutions and major events that share a common ambition: to celebrate Bratislava&#8217;s exceptional historical and cultural heritage and present it to the public through artistic excellence.\r\n    <\/p>\r\n  <\/section>\r\n\r\n  <div class=\"article-links\">\r\n    <a href=\"https:\/\/festival3cities.com\/en\/programme\/\" class=\"btn\">\r\n      Discover the Festival Programme\r\n    <\/a>\r\n\r\n    <a href=\"https:\/\/www.ticketportal.sk\/NEvent\/Franz-Liszt-Fest?idpartner=1540\" target=\"_blank\" rel=\"noopener\" class=\"btn\">\r\n      Buy Tickets\r\n    <\/a>\r\n  <\/div>\r\n\r\n<\/article>","protected":false},"excerpt":{"rendered":"The Franz Liszt Festival Enters Bratislava&#8217;s Cultural Scene Through a Partnership with the Bratislava Coronation Days The newly established Franz Liszt Festival \u2013 festival3cities has become an artistic partner of one of the flagship events of the Bratislava Coronation Days. The organisers of the Franz Liszt Festival \u2013 festival3cities have prepared the musical dramaturgy for&hellip; <a class=\"more-link\" href=\"https:\/\/festival3cities.com\/en\/the-franz-liszt-festival-enters-bratislavas-cultural-scene-through-a-partnership-with-the-bratislava-coronation-days\/\">Continue reading <span class=\"screen-reader-text\">The Franz Liszt Festival Enters Bratislava&#8217;s Cultural Scene Through a Partnership with the Bratislava Coronation Days<\/span><\/a>","protected":false},"author":1,"featured_media":535,"comment_status":"open","ping_status":"open","sticky":false,"template":"","format":"standard","meta":{"inline_featured_image":false,"footnotes":""},"categories":[24],"tags":[],"class_list":["post-538","post","type-post","status-publish","format-standard","has-post-thumbnail","hentry","category-news","entry"],"_links":{"self":[{"href":"https:\/\/festival3cities.com\/en\/wp-json\/wp\/v2\/posts\/538","targetHints":{"allow":["GET"]}}],"collection":[{"href":"https:\/\/festival3cities.com\/en\/wp-json\/wp\/v2\/posts"}],"about":[{"href":"https:\/\/festival3cities.com\/en\/wp-json\/wp\/v2\/types\/post"}],"author":[{"embeddable":true,"href":"https:\/\/festival3cities.com\/en\/wp-json\/wp\/v2\/users\/1"}],"replies":[{"embeddable":true,"href":"https:\/\/festival3cities.com\/en\/wp-json\/wp\/v2\/comments?post=538"}],"version-history":[{"count":1,"href":"https:\/\/festival3cities.com\/en\/wp-json\/wp\/v2\/posts\/538\/revisions"}],"predecessor-version":[{"id":539,"href":"https:\/\/festival3cities.com\/en\/wp-json\/wp\/v2\/posts\/538\/revisions\/539"}],"wp:featuredmedia":[{"embeddable":true,"href":"https:\/\/festival3cities.com\/en\/wp-json\/wp\/v2\/media\/535"}],"wp:attachment":[{"href":"https:\/\/festival3cities.com\/en\/wp-json\/wp\/v2\/media?parent=538"}],"wp:term":[{"taxonomy":"category","embeddable":true,"href":"https:\/\/festival3cities.com\/en\/wp-json\/wp\/v2\/categories?post=538"},{"taxonomy":"post_tag","embeddable":true,"href":"https:\/\/festival3cities.com\/en\/wp-json\/wp\/v2\/tags?post=538"}],"curies":[{"name":"wp","href":"https:\/\/api.w.org\/{rel}","templated":true}]}}